{"id":1716,"date":"2022-09-09T13:40:23","date_gmt":"2022-09-09T12:40:23","guid":{"rendered":"https:\/\/asv.pt\/?p=1716"},"modified":"2025-11-01T19:39:27","modified_gmt":"2025-11-01T19:39:27","slug":"ccam-circulo-criativo-de-musicos-do-algarve","status":"publish","type":"post","link":"https:\/\/asv.pt\/pt\/2022\/09\/09\/ccam-creative-circle-of-algarve-musicians\/","title":{"rendered":"CCAM - C\u00edrculo Criativo de M\u00fasicos do Algarve"},"content":{"rendered":"<div class=\"et_pb_section_0 et_pb_section et_section_regular et_block_section\"><div class=\"et_pb_row_0 et_pb_row et_block_row\"><div class=\"et_pb_column_0 et_pb_column et_pb_column_4_4 et-last-child et_block_column et_pb_css_mix_blend_mode_passthrough\"><div class=\"et_pb_post_title_0 et_pb_post_title et_pb_bg_layout_light et_pb_module et_flex_module\"><div class=\"et_pb_title_container\"><h1 class=\"entry-title\">CCAM - C\u00edrculo Criativo de M\u00fasicos do Algarve<\/h1><p class=\"et_pb_title_meta_container\"><span class=\"comments-number\"><a href=\"https:\/\/asv.pt\/pt\/2022\/09\/09\/ccam-creative-circle-of-algarve-musicians\/#respond\">0 coment\u00e1rios<\/a><\/span><\/p><\/div><\/div><\/div><\/div><div class=\"et_pb_row_1 et_pb_row et_block_row\"><div class=\"et_pb_column_1 et_pb_column et_pb_column_2_5 et_block_column et_pb_css_mix_blend_mode_passthrough\"><div class=\"et_pb_image_0 et_pb_image et_pb_module et_flex_module preset--module--divi-image--default\"><a href=\"https:\/\/asv.pt\/wp-content\/uploads\/2022\/09\/CCAM-1-1.png\" title=\"CCAM - C\u00edrculo Criativo de M\u00fasicos do Algarve\" class=\"et_pb_lightbox_image\"><span class=\"et_pb_image_wrap\"><img decoding=\"async\" src=\"https:\/\/asv.pt\/wp-content\/uploads\/2022\/09\/CCAM-1-1.png\" alt=\"CCAM - C\u00edrculo Criativo de M\u00fasicos do Algarve\" title=\"CCAM - C\u00edrculo Criativo de M\u00fasicos do Algarve\" width=\"1200\" height=\"1500\" class=\"wp-image-1726\" \/><\/span><\/a><\/div><\/div><div class=\"et_pb_column_2 et_pb_column et_pb_column_3_5 et-last-child et_block_column et_pb_css_mix_blend_mode_passthrough\"><div class=\"et_pb_text_0 et_pb_text et_pb_bg_layout_light et_pb_module et_flex_module preset--module--divi-text--default\"><div class=\"et_pb_text_inner\"><p>O C\u00edrculo Criativo dos M\u00fasicos do Algarve CCAM ir\u00e1 reunir-se no dia 02 de Outubro de 2022, em Odiaxere, Lagos, \u00e0s 11 horas da manh\u00e3.<\/p>\n<p><cite>Reunimo-nos para partilhar as nossas obras, ideias e progressos relacionados com a m\u00fasica e a criatividade.<\/cite><\/p>\n<p>Como participante, est\u00e1 convidado a dar uma vis\u00e3o do seu trabalho actual. Isto pode ser sob a forma de uma can\u00e7\u00e3o em que est\u00e1 a trabalhar actualmente, uma escala que descobriu para si pr\u00f3prio ou uma nova t\u00e9cnica que est\u00e1 a praticar. O evento \u00e9 limitado a 10 participantes, e cada participante \u00e9 limitado a 10 minutos para a sua apresenta\u00e7\u00e3o. Um pequeno PA e alguns instrumentos (guitarra, bateria, piano el\u00e9ctrico) estar\u00e3o dispon\u00edveis para utiliza\u00e7\u00e3o.<\/p>\n<p>O objectivo \u00e9 passar um bom tempo juntos, inspirar e ser inspirados, fazer novos contactos e conversar juntos. O evento n\u00e3o est\u00e1 aberto a uma audi\u00eancia regular, pois pretende ser um lugar privado para discutir novos conceitos e trabalhos inacabados.<\/p>\n<p>Se estiver interessado em participar, envie uma mensagem de telegrama para @mennigmann ou um e-mail para marc@asv.pt com algumas linhas de quem \u00e9, que tipo de m\u00fasica faz e o que pretende apresentar.<br \/>\n&nbsp;<\/p>\n<h2>Vamos criar juntos!<\/h2>\n<p>&nbsp;<\/p>\n<h3>Domingo<br \/>\nOut. 02, 2022<br \/>\n11:00 \u00e0s 14:00<\/h3>\n<\/div><\/div><\/div><\/div><\/div>","protected":false},"excerpt":{"rendered":"","protected":false},"author":1,"featured_media":1726,"comment_status":"open","ping_status":"open","sticky":false,"template":"","format":"standard","meta":{"footnotes":""},"categories":[40],"tags":[],"class_list":["post-1716","post","type-post","status-publish","format-standard","has-post-thumbnail","hentry","category-events"],"_links":{"self":[{"href":"https:\/\/asv.pt\/pt\/wp-json\/wp\/v2\/posts\/1716","targetHints":{"allow":["GET"]}}],"collection":[{"href":"https:\/\/asv.pt\/pt\/wp-json\/wp\/v2\/posts"}],"about":[{"href":"https:\/\/asv.pt\/pt\/wp-json\/wp\/v2\/types\/post"}],"author":[{"embeddable":true,"href":"https:\/\/asv.pt\/pt\/wp-json\/wp\/v2\/users\/1"}],"replies":[{"embeddable":true,"href":"https:\/\/asv.pt\/pt\/wp-json\/wp\/v2\/comments?post=1716"}],"version-history":[{"count":11,"href":"https:\/\/asv.pt\/pt\/wp-json\/wp\/v2\/posts\/1716\/revisions"}],"predecessor-version":[{"id":2772,"href":"https:\/\/asv.pt\/pt\/wp-json\/wp\/v2\/posts\/1716\/revisions\/2772"}],"wp:featuredmedia":[{"embeddable":true,"href":"https:\/\/asv.pt\/pt\/wp-json\/wp\/v2\/media\/1726"}],"wp:attachment":[{"href":"https:\/\/asv.pt\/pt\/wp-json\/wp\/v2\/media?parent=1716"}],"wp:term":[{"taxonomy":"category","embeddable":true,"href":"https:\/\/asv.pt\/pt\/wp-json\/wp\/v2\/categories?post=1716"},{"taxonomy":"post_tag","embeddable":true,"href":"https:\/\/asv.pt\/pt\/wp-json\/wp\/v2\/tags?post=1716"}],"curies":[{"name":"wp","href":"https:\/\/api.w.org\/{rel}","templated":true}]}}